{"id":593,"date":"2017-02-15T21:22:17","date_gmt":"2017-02-15T20:22:17","guid":{"rendered":"http:\/\/jrberlioz.com\/fr\/?p=593"},"modified":"2020-12-06T15:00:29","modified_gmt":"2020-12-06T14:00:29","slug":"extrait-de-presentation-sur-le-site-de-rdvimage","status":"publish","type":"post","link":"https:\/\/jrberlioz.com\/fr\/?p=593","title":{"rendered":"SALON RDVIMAGE 2017- EXTRAITS DE PRESENTATION (CATALOGUE, ILLUSTRATION SUR SITE, JOURNAL REGIONAL \u00ab\u00a0DNA\u00a0\u00bb)"},"content":{"rendered":"<ul>\n<li>Exposition de la s\u00e9rie MATIERES VIBRANTES dans le cadre de la 7\u00e8me \u00e9dition du Salon RDVIMAGE. Du 27\/01\/17 au 29\/01\/17.<\/li>\n<\/ul>\n<p><a href=\"http:\/\/jrberlioz.com\/fr\/wp-content\/uploads\/2018\/02\/img007-e1517862997246.jpg\"><img fetchpriority=\"high\" decoding=\"async\" class=\"alignleft size-medium wp-image-790\" src=\"http:\/\/jrberlioz.com\/fr\/wp-content\/uploads\/2018\/02\/img007-213x300.jpg\" alt=\"\" width=\"213\" height=\"300\" \/><\/a><a href=\"http:\/\/jrberlioz.com\/fr\/wp-content\/uploads\/2017\/02\/img009.jpg\"><img decoding=\"async\" class=\"alignleft size-medium wp-image-604\" src=\"http:\/\/jrberlioz.com\/fr\/wp-content\/uploads\/2017\/02\/img009-205x300.jpg\" alt=\"\" width=\"205\" height=\"300\" srcset=\"https:\/\/jrberlioz.com\/fr\/wp-content\/uploads\/2017\/02\/img009-205x300.jpg 205w, https:\/\/jrberlioz.com\/fr\/wp-content\/uploads\/2017\/02\/img009-scaled-600x878.jpg 600w, https:\/\/jrberlioz.com\/fr\/wp-content\/uploads\/2017\/02\/img009-768x1124.jpg 768w, https:\/\/jrberlioz.com\/fr\/wp-content\/uploads\/2017\/02\/img009-699x1024.jpg 699w, https:\/\/jrberlioz.com\/fr\/wp-content\/uploads\/2017\/02\/img009-scaled.jpg 1749w\" sizes=\"(max-width: 205px) 100vw, 205px\" \/><\/a><a href=\"http:\/\/jrberlioz.com\/fr\/wp-content\/uploads\/2017\/02\/img006.jpg\"><img decoding=\"async\" class=\"alignleft size-medium wp-image-601\" src=\"http:\/\/jrberlioz.com\/fr\/wp-content\/uploads\/2017\/02\/img006-300x216.jpg\" alt=\"\" width=\"300\" height=\"216\" srcset=\"https:\/\/jrberlioz.com\/fr\/wp-content\/uploads\/2017\/02\/img006-300x216.jpg 300w, https:\/\/jrberlioz.com\/fr\/wp-content\/uploads\/2017\/02\/img006-scaled-600x432.jpg 600w, https:\/\/jrberlioz.com\/fr\/wp-content\/uploads\/2017\/02\/img006-768x553.jpg 768w, https:\/\/jrberlioz.com\/fr\/wp-content\/uploads\/2017\/02\/img006-1024x737.jpg 1024w\" sizes=\"(max-width: 300px) 100vw, 300px\" \/><\/a><a href=\"http:\/\/jrberlioz.com\/fr\/wp-content\/uploads\/2017\/02\/img005.jpg\"><img loading=\"lazy\" decoding=\"async\" class=\"alignleft size-medium wp-image-598\" src=\"http:\/\/jrberlioz.com\/fr\/wp-content\/uploads\/2017\/02\/img005-295x300.jpg\" alt=\"\" width=\"295\" height=\"300\" srcset=\"https:\/\/jrberlioz.com\/fr\/wp-content\/uploads\/2017\/02\/img005-295x300.jpg 295w, https:\/\/jrberlioz.com\/fr\/wp-content\/uploads\/2017\/02\/img005-600x609.jpg 600w, https:\/\/jrberlioz.com\/fr\/wp-content\/uploads\/2017\/02\/img005-768x780.jpg 768w, https:\/\/jrberlioz.com\/fr\/wp-content\/uploads\/2017\/02\/img005-1008x1024.jpg 1008w\" sizes=\"(max-width: 295px) 100vw, 295px\" \/><\/a><\/p>\n<p>&nbsp;<\/p>\n<p>&nbsp;<\/p>\n<p>&nbsp;<\/p>\n<p>&nbsp;<\/p>\n","protected":false},"excerpt":{"rendered":"<p>Exposition de la s\u00e9rie MATIERES VIBRANTES dans le cadre de la 7\u00e8me \u00e9dition du Salon RDVIMAGE. Du 27\/01\/17 au 29\/01\/17. &nbsp; &nbsp; &nbsp; &nbsp;<\/p>\n","protected":false},"author":1,"featured_media":790,"comment_status":"closed","ping_status":"open","sticky":false,"template":"","format":"standard","meta":{"footnotes":""},"categories":[10],"tags":[],"class_list":["post-593","post","type-post","status-publish","format-standard","has-post-thumbnail","hentry","category-presse"],"_links":{"self":[{"href":"https:\/\/jrberlioz.com\/fr\/index.php?rest_route=\/wp\/v2\/posts\/593","targetHints":{"allow":["GET"]}}],"collection":[{"href":"https:\/\/jrberlioz.com\/fr\/index.php?rest_route=\/wp\/v2\/posts"}],"about":[{"href":"https:\/\/jrberlioz.com\/fr\/index.php?rest_route=\/wp\/v2\/types\/post"}],"author":[{"embeddable":true,"href":"https:\/\/jrberlioz.com\/fr\/index.php?rest_route=\/wp\/v2\/users\/1"}],"replies":[{"embeddable":true,"href":"https:\/\/jrberlioz.com\/fr\/index.php?rest_route=%2Fwp%2Fv2%2Fcomments&post=593"}],"version-history":[{"count":13,"href":"https:\/\/jrberlioz.com\/fr\/index.php?rest_route=\/wp\/v2\/posts\/593\/revisions"}],"predecessor-version":[{"id":4794,"href":"https:\/\/jrberlioz.com\/fr\/index.php?rest_route=\/wp\/v2\/posts\/593\/revisions\/4794"}],"wp:featuredmedia":[{"embeddable":true,"href":"https:\/\/jrberlioz.com\/fr\/index.php?rest_route=\/wp\/v2\/media\/790"}],"wp:attachment":[{"href":"https:\/\/jrberlioz.com\/fr\/index.php?rest_route=%2Fwp%2Fv2%2Fmedia&parent=593"}],"wp:term":[{"taxonomy":"category","embeddable":true,"href":"https:\/\/jrberlioz.com\/fr\/index.php?rest_route=%2Fwp%2Fv2%2Fcategories&post=593"},{"taxonomy":"post_tag","embeddable":true,"href":"https:\/\/jrberlioz.com\/fr\/index.php?rest_route=%2Fwp%2Fv2%2Ftags&post=593"}],"curies":[{"name":"wp","href":"https:\/\/api.w.org\/{rel}","templated":true}]}}