{"id":4929,"date":"2021-09-21T20:08:41","date_gmt":"2021-09-21T18:08:41","guid":{"rendered":"https:\/\/jrberlioz.com\/fr\/?p=4929"},"modified":"2021-09-21T20:19:11","modified_gmt":"2021-09-21T18:19:11","slug":"festival-chemin-des-artistes","status":"publish","type":"post","link":"https:\/\/jrberlioz.com\/fr\/?p=4929","title":{"rendered":"FESTIVAL CHEMIN DES ARTISTES"},"content":{"rendered":"<ul>\n<li>Exposition de cinq photographies argentiques noir et blanc issues de ma s\u00e9rie intitul\u00e9e MATIERES VIBRANTES dans le cadre de la 13\u00e8me \u00e9dition du <a href=\"https:\/\/chemindesartistes.valenceromansagglo.fr\/\" target=\"_blank\" rel=\"noopener\">Festival Chemin des Artistes<\/a> organis\u00e9 par la communaut\u00e9 d&rsquo;agglom\u00e9ration Valence Romans Agglo. 23600- JAILLANS. La manifestation aura lieu les 9 et 10 octobre 2021. Vernissage le 09\/10\/21 \u00e0 partir de 18H30.<\/li>\n<\/ul>\n<p>&nbsp;<\/p>\n","protected":false},"excerpt":{"rendered":"<p>Exposition de cinq photographies argentiques noir et blanc issues de ma s\u00e9rie intitul\u00e9e MATIERES VIBRANTES dans le cadre de la 13\u00e8me \u00e9dition du Festival Chemin des Artistes organis\u00e9 par la communaut\u00e9 d&rsquo;agglom\u00e9ration Valence Romans Agglo. 23600- JAILLANS. La manifestation aura lieu les 9 et 10 octobre 2021. Vernissage le 09\/10\/21 \u00e0 partir de 18H30. &nbsp;<\/p>\n","protected":false},"author":1,"featured_media":4934,"comment_status":"open","ping_status":"open","sticky":false,"template":"","format":"standard","meta":{"footnotes":""},"categories":[1],"tags":[],"class_list":["post-4929","post","type-post","status-publish","format-standard","has-post-thumbnail","hentry","category-actu"],"_links":{"self":[{"href":"https:\/\/jrberlioz.com\/fr\/index.php?rest_route=\/wp\/v2\/posts\/4929","targetHints":{"allow":["GET"]}}],"collection":[{"href":"https:\/\/jrberlioz.com\/fr\/index.php?rest_route=\/wp\/v2\/posts"}],"about":[{"href":"https:\/\/jrberlioz.com\/fr\/index.php?rest_route=\/wp\/v2\/types\/post"}],"author":[{"embeddable":true,"href":"https:\/\/jrberlioz.com\/fr\/index.php?rest_route=\/wp\/v2\/users\/1"}],"replies":[{"embeddable":true,"href":"https:\/\/jrberlioz.com\/fr\/index.php?rest_route=%2Fwp%2Fv2%2Fcomments&post=4929"}],"version-history":[{"count":4,"href":"https:\/\/jrberlioz.com\/fr\/index.php?rest_route=\/wp\/v2\/posts\/4929\/revisions"}],"predecessor-version":[{"id":5000,"href":"https:\/\/jrberlioz.com\/fr\/index.php?rest_route=\/wp\/v2\/posts\/4929\/revisions\/5000"}],"wp:featuredmedia":[{"embeddable":true,"href":"https:\/\/jrberlioz.com\/fr\/index.php?rest_route=\/wp\/v2\/media\/4934"}],"wp:attachment":[{"href":"https:\/\/jrberlioz.com\/fr\/index.php?rest_route=%2Fwp%2Fv2%2Fmedia&parent=4929"}],"wp:term":[{"taxonomy":"category","embeddable":true,"href":"https:\/\/jrberlioz.com\/fr\/index.php?rest_route=%2Fwp%2Fv2%2Fcategories&post=4929"},{"taxonomy":"post_tag","embeddable":true,"href":"https:\/\/jrberlioz.com\/fr\/index.php?rest_route=%2Fwp%2Fv2%2Ftags&post=4929"}],"curies":[{"name":"wp","href":"https:\/\/api.w.org\/{rel}","templated":true}]}}