{"id":4837,"date":"2021-01-15T19:29:14","date_gmt":"2021-01-15T18:29:14","guid":{"rendered":"https:\/\/jrberlioz.com\/fr\/?p=4837"},"modified":"2021-03-04T19:54:34","modified_gmt":"2021-03-04T18:54:34","slug":"salon-dautomne-2021","status":"publish","type":"post","link":"https:\/\/jrberlioz.com\/fr\/?p=4837","title":{"rendered":"SALON D&rsquo;AUTOMNE 2020 (CATALOGUE, DOSSIER DE PRESSE)"},"content":{"rendered":"<ul>\n<li style=\"text-align: left;\">Exposition de quatre photographies issues de ma s\u00e9rie argentique noir et blanc intitul\u00e9e Mati\u00e8res Vibrantes dans le cadre de la 117\u00e8me \u00e9dition du Salon d&rsquo;Automne organis\u00e9 par la soci\u00e9t\u00e9 du Salon d&rsquo;Automne. Avenue des Champs-Elys\u00e9es.<\/li>\n<\/ul>\n<p style=\"text-align: center;\"><a href=\"https:\/\/jrberlioz.com\/fr\/wp-content\/uploads\/2021\/03\/Extrait-dossier-de-presse.png\"><img fetchpriority=\"high\" decoding=\"async\" class=\"size-medium wp-image-4831 aligncenter\" src=\"https:\/\/jrberlioz.com\/fr\/wp-content\/uploads\/2021\/03\/Extrait-dossier-de-presse-246x300.png\" alt=\"\" width=\"246\" height=\"300\" srcset=\"https:\/\/jrberlioz.com\/fr\/wp-content\/uploads\/2021\/03\/Extrait-dossier-de-presse-246x300.png 246w, https:\/\/jrberlioz.com\/fr\/wp-content\/uploads\/2021\/03\/Extrait-dossier-de-presse-600x732.png 600w, https:\/\/jrberlioz.com\/fr\/wp-content\/uploads\/2021\/03\/Extrait-dossier-de-presse-839x1024.png 839w, https:\/\/jrberlioz.com\/fr\/wp-content\/uploads\/2021\/03\/Extrait-dossier-de-presse-768x937.png 768w, https:\/\/jrberlioz.com\/fr\/wp-content\/uploads\/2021\/03\/Extrait-dossier-de-presse-1259x1536.png 1259w, https:\/\/jrberlioz.com\/fr\/wp-content\/uploads\/2021\/03\/Extrait-dossier-de-presse-1679x2048.png 1679w, https:\/\/jrberlioz.com\/fr\/wp-content\/uploads\/2021\/03\/Extrait-dossier-de-presse-221x270.png 221w, https:\/\/jrberlioz.com\/fr\/wp-content\/uploads\/2021\/03\/Extrait-dossier-de-presse.png 1961w\" sizes=\"(max-width: 246px) 100vw, 246px\" \/><\/a><\/p>\n<p style=\"text-align: center;\"><a href=\"https:\/\/jrberlioz.com\/fr\/wp-content\/uploads\/2021\/03\/img043.jpg\"><img decoding=\"async\" class=\"size-medium wp-image-4832 alignnone\" src=\"https:\/\/jrberlioz.com\/fr\/wp-content\/uploads\/2021\/03\/img043-300x256.jpg\" alt=\"\" width=\"300\" height=\"256\" srcset=\"https:\/\/jrberlioz.com\/fr\/wp-content\/uploads\/2021\/03\/img043-300x256.jpg 300w, https:\/\/jrberlioz.com\/fr\/wp-content\/uploads\/2021\/03\/img043-600x513.jpg 600w, https:\/\/jrberlioz.com\/fr\/wp-content\/uploads\/2021\/03\/img043-1024x875.jpg 1024w, https:\/\/jrberlioz.com\/fr\/wp-content\/uploads\/2021\/03\/img043-768x656.jpg 768w, https:\/\/jrberlioz.com\/fr\/wp-content\/uploads\/2021\/03\/img043-316x270.jpg 316w, https:\/\/jrberlioz.com\/fr\/wp-content\/uploads\/2021\/03\/img043.jpg 1263w\" sizes=\"(max-width: 300px) 100vw, 300px\" \/><\/a><\/p>\n","protected":false},"excerpt":{"rendered":"<p>Exposition de quatre photographies issues de ma s\u00e9rie argentique noir et blanc intitul\u00e9e Mati\u00e8res Vibrantes dans le cadre de la 117\u00e8me \u00e9dition du Salon d&rsquo;Automne organis\u00e9 par la soci\u00e9t\u00e9 du Salon d&rsquo;Automne. Avenue des Champs-Elys\u00e9es.<\/p>\n","protected":false},"author":1,"featured_media":4843,"comment_status":"open","ping_status":"open","sticky":false,"template":"","format":"standard","meta":{"footnotes":""},"categories":[10],"tags":[],"class_list":["post-4837","post","type-post","status-publish","format-standard","has-post-thumbnail","hentry","category-presse"],"_links":{"self":[{"href":"https:\/\/jrberlioz.com\/fr\/index.php?rest_route=\/wp\/v2\/posts\/4837","targetHints":{"allow":["GET"]}}],"collection":[{"href":"https:\/\/jrberlioz.com\/fr\/index.php?rest_route=\/wp\/v2\/posts"}],"about":[{"href":"https:\/\/jrberlioz.com\/fr\/index.php?rest_route=\/wp\/v2\/types\/post"}],"author":[{"embeddable":true,"href":"https:\/\/jrberlioz.com\/fr\/index.php?rest_route=\/wp\/v2\/users\/1"}],"replies":[{"embeddable":true,"href":"https:\/\/jrberlioz.com\/fr\/index.php?rest_route=%2Fwp%2Fv2%2Fcomments&post=4837"}],"version-history":[{"count":5,"href":"https:\/\/jrberlioz.com\/fr\/index.php?rest_route=\/wp\/v2\/posts\/4837\/revisions"}],"predecessor-version":[{"id":4842,"href":"https:\/\/jrberlioz.com\/fr\/index.php?rest_route=\/wp\/v2\/posts\/4837\/revisions\/4842"}],"wp:featuredmedia":[{"embeddable":true,"href":"https:\/\/jrberlioz.com\/fr\/index.php?rest_route=\/wp\/v2\/media\/4843"}],"wp:attachment":[{"href":"https:\/\/jrberlioz.com\/fr\/index.php?rest_route=%2Fwp%2Fv2%2Fmedia&parent=4837"}],"wp:term":[{"taxonomy":"category","embeddable":true,"href":"https:\/\/jrberlioz.com\/fr\/index.php?rest_route=%2Fwp%2Fv2%2Fcategories&post=4837"},{"taxonomy":"post_tag","embeddable":true,"href":"https:\/\/jrberlioz.com\/fr\/index.php?rest_route=%2Fwp%2Fv2%2Ftags&post=4837"}],"curies":[{"name":"wp","href":"https:\/\/api.w.org\/{rel}","templated":true}]}}