{"id":2828,"date":"2019-12-15T16:40:09","date_gmt":"2019-12-15T15:40:09","guid":{"rendered":"https:\/\/jrberlioz.com\/fr\/?p=2828"},"modified":"2021-03-04T19:52:50","modified_gmt":"2021-03-04T18:52:50","slug":"salon-lyon-et-sud-est-2019-extrait-de-presentation-catalogue","status":"publish","type":"post","link":"https:\/\/jrberlioz.com\/fr\/?p=2828","title":{"rendered":"SALON LYON ET SUD EST 2019  (CATALOGUE)"},"content":{"rendered":"<ul>\n<li>Exposition de la s\u00e9rie MEMOIRE D&rsquo;UNE OMBRE dans le cadre de la 92\u00e8me \u00e9dition du Salon Lyon et Sud-est. Palais de Bondy. 18, quai de Bondy 69005- LYON. Du 16\/11\/19 au 01\/12\/19.<\/li>\n<\/ul>\n<p><a href=\"https:\/\/jrberlioz.com\/fr\/wp-content\/uploads\/2020\/02\/img042.jpg\"><img fetchpriority=\"high\" decoding=\"async\" class=\"size-medium wp-image-2833 aligncenter\" src=\"https:\/\/jrberlioz.com\/fr\/wp-content\/uploads\/2020\/02\/img042-211x300.jpg\" alt=\"\" width=\"211\" height=\"300\" srcset=\"https:\/\/jrberlioz.com\/fr\/wp-content\/uploads\/2020\/02\/img042-211x300.jpg 211w, https:\/\/jrberlioz.com\/fr\/wp-content\/uploads\/2020\/02\/img042-600x854.jpg 600w, https:\/\/jrberlioz.com\/fr\/wp-content\/uploads\/2020\/02\/img042-720x1024.jpg 720w, https:\/\/jrberlioz.com\/fr\/wp-content\/uploads\/2020\/02\/img042-768x1093.jpg 768w, https:\/\/jrberlioz.com\/fr\/wp-content\/uploads\/2020\/02\/img042-1079x1536.jpg 1079w, https:\/\/jrberlioz.com\/fr\/wp-content\/uploads\/2020\/02\/img042.jpg 1210w\" sizes=\"(max-width: 211px) 100vw, 211px\" \/><\/a><\/p>\n<p>&nbsp;<\/p>\n","protected":false},"excerpt":{"rendered":"<p>Exposition de la s\u00e9rie MEMOIRE D&rsquo;UNE OMBRE dans le cadre de la 92\u00e8me \u00e9dition du Salon Lyon et Sud-est. Palais de Bondy. 18, quai de Bondy 69005- LYON. Du 16\/11\/19 au 01\/12\/19. &nbsp;<\/p>\n","protected":false},"author":1,"featured_media":4774,"comment_status":"closed","ping_status":"open","sticky":false,"template":"","format":"standard","meta":{"footnotes":""},"categories":[10],"tags":[],"class_list":["post-2828","post","type-post","status-publish","format-standard","has-post-thumbnail","hentry","category-presse"],"_links":{"self":[{"href":"https:\/\/jrberlioz.com\/fr\/index.php?rest_route=\/wp\/v2\/posts\/2828","targetHints":{"allow":["GET"]}}],"collection":[{"href":"https:\/\/jrberlioz.com\/fr\/index.php?rest_route=\/wp\/v2\/posts"}],"about":[{"href":"https:\/\/jrberlioz.com\/fr\/index.php?rest_route=\/wp\/v2\/types\/post"}],"author":[{"embeddable":true,"href":"https:\/\/jrberlioz.com\/fr\/index.php?rest_route=\/wp\/v2\/users\/1"}],"replies":[{"embeddable":true,"href":"https:\/\/jrberlioz.com\/fr\/index.php?rest_route=%2Fwp%2Fv2%2Fcomments&post=2828"}],"version-history":[{"count":7,"href":"https:\/\/jrberlioz.com\/fr\/index.php?rest_route=\/wp\/v2\/posts\/2828\/revisions"}],"predecessor-version":[{"id":4844,"href":"https:\/\/jrberlioz.com\/fr\/index.php?rest_route=\/wp\/v2\/posts\/2828\/revisions\/4844"}],"wp:featuredmedia":[{"embeddable":true,"href":"https:\/\/jrberlioz.com\/fr\/index.php?rest_route=\/wp\/v2\/media\/4774"}],"wp:attachment":[{"href":"https:\/\/jrberlioz.com\/fr\/index.php?rest_route=%2Fwp%2Fv2%2Fmedia&parent=2828"}],"wp:term":[{"taxonomy":"category","embeddable":true,"href":"https:\/\/jrberlioz.com\/fr\/index.php?rest_route=%2Fwp%2Fv2%2Fcategories&post=2828"},{"taxonomy":"post_tag","embeddable":true,"href":"https:\/\/jrberlioz.com\/fr\/index.php?rest_route=%2Fwp%2Fv2%2Ftags&post=2828"}],"curies":[{"name":"wp","href":"https:\/\/api.w.org\/{rel}","templated":true}]}}