{"id":1410,"date":"2019-12-24T10:08:03","date_gmt":"2019-12-24T09:08:03","guid":{"rendered":"http:\/\/jrberlioz.com\/fr\/?p=1410"},"modified":"2020-11-29T21:20:10","modified_gmt":"2020-11-29T20:20:10","slug":"salon-des-artistes-francais-2020","status":"publish","type":"post","link":"https:\/\/jrberlioz.com\/fr\/?p=1410","title":{"rendered":"SALON DES ARTISTES FRANCAIS 2020"},"content":{"rendered":"<ul>\n<li>Exposition d&rsquo;une photographie grand format issue de ma s\u00e9rie argentique noir et blanc intitul\u00e9e MATIERES VIBRANTES dans le cadre de la 230\u00e8me \u00e9dition du Salon des Artistes Fran\u00e7ais organis\u00e9 par Art Capital. Grand Palais. 3, avenue du G\u00e9n\u00e9ral Eisenhower 75008- PARIS. L&rsquo;\u00e9v\u00e9nement se tiendra du 12\/02\/20 au 16\/02\/20. Vernissage sur invitation le 11\/02\/20.<\/li>\n<\/ul>\n","protected":false},"excerpt":{"rendered":"<p>Exposition d&rsquo;une photographie grand format issue de ma s\u00e9rie argentique noir et blanc intitul\u00e9e MATIERES VIBRANTES dans le cadre de la 230\u00e8me \u00e9dition du Salon des Artistes Fran\u00e7ais organis\u00e9 par Art Capital. Grand Palais. 3, avenue du G\u00e9n\u00e9ral Eisenhower 75008- PARIS. L&rsquo;\u00e9v\u00e9nement se tiendra du 12\/02\/20 au 16\/02\/20. Vernissage sur invitation le 11\/02\/20.<\/p>\n","protected":false},"author":1,"featured_media":4709,"comment_status":"closed","ping_status":"open","sticky":false,"template":"","format":"standard","meta":{"footnotes":""},"categories":[1],"tags":[],"class_list":["post-1410","post","type-post","status-publish","format-standard","has-post-thumbnail","hentry","category-actu"],"_links":{"self":[{"href":"https:\/\/jrberlioz.com\/fr\/index.php?rest_route=\/wp\/v2\/posts\/1410","targetHints":{"allow":["GET"]}}],"collection":[{"href":"https:\/\/jrberlioz.com\/fr\/index.php?rest_route=\/wp\/v2\/posts"}],"about":[{"href":"https:\/\/jrberlioz.com\/fr\/index.php?rest_route=\/wp\/v2\/types\/post"}],"author":[{"embeddable":true,"href":"https:\/\/jrberlioz.com\/fr\/index.php?rest_route=\/wp\/v2\/users\/1"}],"replies":[{"embeddable":true,"href":"https:\/\/jrberlioz.com\/fr\/index.php?rest_route=%2Fwp%2Fv2%2Fcomments&post=1410"}],"version-history":[{"count":7,"href":"https:\/\/jrberlioz.com\/fr\/index.php?rest_route=\/wp\/v2\/posts\/1410\/revisions"}],"predecessor-version":[{"id":1412,"href":"https:\/\/jrberlioz.com\/fr\/index.php?rest_route=\/wp\/v2\/posts\/1410\/revisions\/1412"}],"wp:featuredmedia":[{"embeddable":true,"href":"https:\/\/jrberlioz.com\/fr\/index.php?rest_route=\/wp\/v2\/media\/4709"}],"wp:attachment":[{"href":"https:\/\/jrberlioz.com\/fr\/index.php?rest_route=%2Fwp%2Fv2%2Fmedia&parent=1410"}],"wp:term":[{"taxonomy":"category","embeddable":true,"href":"https:\/\/jrberlioz.com\/fr\/index.php?rest_route=%2Fwp%2Fv2%2Fcategories&post=1410"},{"taxonomy":"post_tag","embeddable":true,"href":"https:\/\/jrberlioz.com\/fr\/index.php?rest_route=%2Fwp%2Fv2%2Ftags&post=1410"}],"curies":[{"name":"wp","href":"https:\/\/api.w.org\/{rel}","templated":true}]}}